{"id":15687,"date":"2021-03-01T12:00:18","date_gmt":"2021-03-01T09:00:18","guid":{"rendered":"https:\/\/www.nurolinsaat.com.tr\/?p=15687"},"modified":"2021-03-01T10:32:41","modified_gmt":"2021-03-01T07:32:41","slug":"nurol-construction-soutien-la-campagne-du-15-fevrier-journee-internationale-de-sensibilisation-au-cancer-infantile-sariyifarket-reconnaitre-le-jaune","status":"publish","type":"post","link":"https:\/\/www.nurolinsaat.com.tr\/fr\/nurol-construction-soutien-la-campagne-du-15-fevrier-journee-internationale-de-sensibilisation-au-cancer-infantile-sariyifarket-reconnaitre-le-jaune.html","title":{"rendered":"Nurol Construction Soutien la Campagne du 15 F\u00e9vrier Journ\u00e9e Internationale de Sensibilisation au Cancer Infantile #sar\u0131y\u0131farket (reconna\u00eetre le jaune)"},"content":{"rendered":"<p>Nurol Construction a particip\u00e9 \u00e0 la campagne de sensibilisation <strong>#sar\u0131y\u0131farket (<\/strong><strong>reconna\u00eetre le jaune) <\/strong>organis\u00e9 par KA\u00c7UV (La Fondation Espoir Pour Les Enfants Atteints du Cancer) pour attirer l\u2019attention sur le cancer infantile chaque ann\u00e9e le 15 f\u00e9vrier, Journ\u00e9e Mondiale du cancer infantile.<\/p>\n<p>Nos employ\u00e9s au si\u00e8ge social et aux projets souhaitant participer \u00e0 la campagne ont partag\u00e9 leurs messages avec le tag <strong>#sar\u0131y\u0131farket (<\/strong><strong>reconna\u00eetre le jaune) <\/strong>de leurs comptes de r\u00e9seaux sociaux en portant des rubans jaunes et des v\u00eatements avec images en jaune.<\/p>\n<p>Nous avons vis\u00e9 \u00e0 contribuer \u00e0 la sensibilisation du public au cancer infantile et \u00e0 l\u2019importance du diagnostic pr\u00e9coce et \u00e0 informer les personnes en bonne sant\u00e9 sur les sympt\u00f4mes du cancer et les m\u00e9thodes de pr\u00e9vention.<\/p>\n<p>Nous remercions tous nos employ\u00e9s de leur participation pr\u00e9cieuse.<\/p>\n","protected":false},"excerpt":{"rendered":"<p>Nurol Construction a particip\u00e9 \u00e0 la campagne de sensibilisation #sar\u0131y\u0131farket (reconna\u00eetre le jaune) organis\u00e9 par KA\u00c7UV (La Fondation Espoir Pour Les Enfants Atteints du Cancer) pour attirer l\u2019attention sur le cancer infantile chaque ann\u00e9e le 15 f\u00e9vrier, Journ\u00e9e Mondiale du cancer infantile. Nos employ\u00e9s au si\u00e8ge social et aux projets souhaitant participer \u00e0 la campagne<\/p>\n","protected":false},"author":6,"featured_media":15683,"comment_status":"closed","ping_status":"closed","sticky":false,"template":"","format":"standard","meta":{"rs_blank_template":"","rs_page_bg_color":"","slide_template_v7":"","footnotes":""},"categories":[62],"class_list":["post-15687","post","type-post","status-publish","format-standard","has-post-thumbnail","hentry","category-nouvelles-a-propos-de-nous"],"_links":{"self":[{"href":"https:\/\/www.nurolinsaat.com.tr\/fr\/wp-json\/wp\/v2\/posts\/15687","targetHints":{"allow":["GET"]}}],"collection":[{"href":"https:\/\/www.nurolinsaat.com.tr\/fr\/wp-json\/wp\/v2\/posts"}],"about":[{"href":"https:\/\/www.nurolinsaat.com.tr\/fr\/wp-json\/wp\/v2\/types\/post"}],"author":[{"embeddable":true,"href":"https:\/\/www.nurolinsaat.com.tr\/fr\/wp-json\/wp\/v2\/users\/6"}],"replies":[{"embeddable":true,"href":"https:\/\/www.nurolinsaat.com.tr\/fr\/wp-json\/wp\/v2\/comments?post=15687"}],"version-history":[{"count":0,"href":"https:\/\/www.nurolinsaat.com.tr\/fr\/wp-json\/wp\/v2\/posts\/15687\/revisions"}],"wp:featuredmedia":[{"embeddable":true,"href":"https:\/\/www.nurolinsaat.com.tr\/fr\/wp-json\/wp\/v2\/media\/15683"}],"wp:attachment":[{"href":"https:\/\/www.nurolinsaat.com.tr\/fr\/wp-json\/wp\/v2\/media?parent=15687"}],"wp:term":[{"taxonomy":"category","embeddable":true,"href":"https:\/\/www.nurolinsaat.com.tr\/fr\/wp-json\/wp\/v2\/categories?post=15687"}],"curies":[{"name":"wp","href":"https:\/\/api.w.org\/{rel}","templated":true}]}}