{"id":6487,"date":"2015-12-17T15:58:34","date_gmt":"2015-12-17T13:58:34","guid":{"rendered":"http:\/\/www.nurolinsaat.com.tr\/ordu-cevre-yolu-ordu-olay-17-12-2015.html"},"modified":"2018-09-14T15:38:24","modified_gmt":"2018-09-14T12:38:24","slug":"ceinture-peripherique-dordu-ordu-olay-17-12-2015","status":"publish","type":"post","link":"https:\/\/www.nurolinsaat.com.tr\/fr\/ceinture-peripherique-dordu-ordu-olay-17-12-2015.html","title":{"rendered":"Ceinture p\u00e9riph\u00e9rique d\u2019Ordu | Ordu Olay \/ 17.12.2015"},"content":{"rendered":"<p>Le Maire d\u2019Ordu M. Enver Y\u0131lmaz a indiqu\u00e9 que la ceinture p\u00e9riph\u00e9rique est venue \u00e0 l\u2019ordre du jour avec les embouteillages devenus de plus en plus fr\u00e9quent et que les \u00e9tudes de projet  de la ceinture p\u00e9riph\u00e9rique d\u2019Ordu de 19 kilom\u00e8tres \u00e9tant lanc\u00e9s en 2007, le march\u00e9 a \u00e9t\u00e9 conclu \u00e0 600 millions de liras et les fondations ont \u00e9t\u00e9 jet\u00e9es en juillet 2012.<br \/>\nM. Y\u0131lmaz a mentionn\u00e9 que les \u00e9tudes seraient achev\u00e9es dans les six premiers mois de l&rsquo;ann\u00e9e suivante et que la Ceinture P\u00e9riph\u00e9rique r\u00e9duirait les embouteillages.<br \/>\nIndiquant l\u2019avancement du projet  \u00e0 toute vitesse, Y\u0131lmaz a poursuivi que :<br \/>\nLa ceinture p\u00e9riph\u00e9rique de 19 kilom\u00e8tres qui commence d\u2019Ak\u00e7aova dans la commune de Per\u015fembe passant du cartier de Cumhuriyet sous Boztepe par tunnels, viaducs et routes \u00e0 doubles voies pour se lier \u00e0 la route c\u00f4ti\u00e8re de la Mer Noire s\u2019est prolong\u00e9e \u00e0 23 kilom\u00e8tres avec quelques modifications pour ne pas endommager les beaut\u00e9s naturelles et pr\u00e9server l\u2019int\u00e9grit\u00e9 territoriale de l\u2019Universit\u00e9 d\u2019Ordu.<br \/>\nLe projet de 600 millions de liras dont on vise de minimiser les dommages environnementaux co\u00fbtera environ 1 milliard de liras avec son nouveau trajet.<\/p>\n","protected":false},"excerpt":{"rendered":"<p>Le Maire d\u2019Ordu M. Enver Y\u0131lmaz a indiqu\u00e9 que la ceinture p\u00e9riph\u00e9rique est venue \u00e0 l\u2019ordre du jour avec les embouteillages devenus de plus en plus fr\u00e9quent et que les \u00e9tudes de projet de la ceinture p\u00e9riph\u00e9rique d\u2019Ordu de 19 kilom\u00e8tres \u00e9tant lanc\u00e9s en 2007, le march\u00e9 a \u00e9t\u00e9 conclu \u00e0 600 millions de liras<\/p>\n","protected":false},"author":1,"featured_media":0,"comment_status":"closed","ping_status":"closed","sticky":false,"template":"","format":"standard","meta":{"rs_blank_template":"","rs_page_bg_color":"","slide_template_v7":"","footnotes":""},"categories":[61],"class_list":["post-6487","post","type-post","status-publish","format-standard","hentry","category-nouvelles-de-la-presse"],"_links":{"self":[{"href":"https:\/\/www.nurolinsaat.com.tr\/fr\/wp-json\/wp\/v2\/posts\/6487","targetHints":{"allow":["GET"]}}],"collection":[{"href":"https:\/\/www.nurolinsaat.com.tr\/fr\/wp-json\/wp\/v2\/posts"}],"about":[{"href":"https:\/\/www.nurolinsaat.com.tr\/fr\/wp-json\/wp\/v2\/types\/post"}],"author":[{"embeddable":true,"href":"https:\/\/www.nurolinsaat.com.tr\/fr\/wp-json\/wp\/v2\/users\/1"}],"replies":[{"embeddable":true,"href":"https:\/\/www.nurolinsaat.com.tr\/fr\/wp-json\/wp\/v2\/comments?post=6487"}],"version-history":[{"count":0,"href":"https:\/\/www.nurolinsaat.com.tr\/fr\/wp-json\/wp\/v2\/posts\/6487\/revisions"}],"wp:attachment":[{"href":"https:\/\/www.nurolinsaat.com.tr\/fr\/wp-json\/wp\/v2\/media?parent=6487"}],"wp:term":[{"taxonomy":"category","embeddable":true,"href":"https:\/\/www.nurolinsaat.com.tr\/fr\/wp-json\/wp\/v2\/categories?post=6487"}],"curies":[{"name":"wp","href":"https:\/\/api.w.org\/{rel}","templated":true}]}}