{"id":6531,"date":"2013-10-30T11:30:33","date_gmt":"2013-10-30T09:30:33","guid":{"rendered":"http:\/\/www.nurolinsaat.com.tr\/153-yillik-ruya-gercek-oldu-hurriyet-30-10-2013.html"},"modified":"2018-09-17T12:29:17","modified_gmt":"2018-09-17T09:29:17","slug":"le-reve-de-153-ans-se-realise-hurriyet-30-10-2013","status":"publish","type":"post","link":"https:\/\/www.nurolinsaat.com.tr\/fr\/le-reve-de-153-ans-se-realise-hurriyet-30-10-2013.html","title":{"rendered":"Le r\u00eave de 153 ans se r\u00e9alise | H\u00fcrriyet \/ 30.10.2013"},"content":{"rendered":"<p>L\u2019\u00e9tape du tube du Bosphore et 5 stations du Projet de Marmaray qui vise \u00e0 int\u00e9grer tous les syst\u00e8mes de rails d\u2019Istanbul a \u00e9t\u00e9 mis en service lors d\u2019une c\u00e9r\u00e9monie officielle organis\u00e9e hier.<br \/>\nLe Pr\u00e9sident Abdullah G\u00fcl, le Premier Ministre Recep Tayyip Erdo\u011fan et des Ministres, ainsi que le Pr\u00e9sident de la Somalie M. Hasan Sheikh Mahmoud, le Premier Ministre du Japon M. Shinzo Abe et le Premier Ministre de la Roumanie M. Viktor Ponta ont \u00e9galement assist\u00e9 \u00e0 la c\u00e9r\u00e9monie qui s\u2019est tenue \u00e0 \u00dcsk\u00fcdar.<br \/>\nDans son discours lors de la c\u00e9r\u00e9monie, le Premier Ministre M. Recep Tayyip Erdo\u011fan a indiqu\u00e9 que \u00abMarmaray est un projet de paix qui s\u2019\u00e9tend de P\u00e9kin \u00e0 Tokyo, en passant par Londres.<br \/>\nNous faisons un autre pas avec le Japon.<br \/>\nNous allons construire la centrale nucl\u00e9aire de Sinop ensemble : le Japon, la France et la Turquie.<br \/>\nNous allons c\u00e9l\u00e9brer le centenaire de la R\u00e9publique avec de plus grandes \u0153uvres\u00bb.<br \/>\nErdo\u011fan a remerci\u00e9 les entrepreneurs du projet Nurol, Gama et l\u2019entreprise japonaise TAISEI.<\/p>\n","protected":false},"excerpt":{"rendered":"<p>L\u2019\u00e9tape du tube du Bosphore et 5 stations du Projet de Marmaray qui vise \u00e0 int\u00e9grer tous les syst\u00e8mes de rails d\u2019Istanbul a \u00e9t\u00e9 mis en service lors d\u2019une c\u00e9r\u00e9monie officielle organis\u00e9e hier. Le Pr\u00e9sident Abdullah G\u00fcl, le Premier Ministre Recep Tayyip Erdo\u011fan et des Ministres, ainsi que le Pr\u00e9sident de la Somalie M. Hasan<\/p>\n","protected":false},"author":1,"featured_media":0,"comment_status":"closed","ping_status":"closed","sticky":false,"template":"","format":"standard","meta":{"rs_blank_template":"","rs_page_bg_color":"","slide_template_v7":"","footnotes":""},"categories":[61],"class_list":["post-6531","post","type-post","status-publish","format-standard","hentry","category-nouvelles-de-la-presse"],"_links":{"self":[{"href":"https:\/\/www.nurolinsaat.com.tr\/fr\/wp-json\/wp\/v2\/posts\/6531","targetHints":{"allow":["GET"]}}],"collection":[{"href":"https:\/\/www.nurolinsaat.com.tr\/fr\/wp-json\/wp\/v2\/posts"}],"about":[{"href":"https:\/\/www.nurolinsaat.com.tr\/fr\/wp-json\/wp\/v2\/types\/post"}],"author":[{"embeddable":true,"href":"https:\/\/www.nurolinsaat.com.tr\/fr\/wp-json\/wp\/v2\/users\/1"}],"replies":[{"embeddable":true,"href":"https:\/\/www.nurolinsaat.com.tr\/fr\/wp-json\/wp\/v2\/comments?post=6531"}],"version-history":[{"count":0,"href":"https:\/\/www.nurolinsaat.com.tr\/fr\/wp-json\/wp\/v2\/posts\/6531\/revisions"}],"wp:attachment":[{"href":"https:\/\/www.nurolinsaat.com.tr\/fr\/wp-json\/wp\/v2\/media?parent=6531"}],"wp:term":[{"taxonomy":"category","embeddable":true,"href":"https:\/\/www.nurolinsaat.com.tr\/fr\/wp-json\/wp\/v2\/categories?post=6531"}],"curies":[{"name":"wp","href":"https:\/\/api.w.org\/{rel}","templated":true}]}}