{"id":6542,"date":"2013-03-04T13:05:20","date_gmt":"2013-03-04T11:05:20","guid":{"rendered":"http:\/\/www.nurolinsaat.com.tr\/cevre-yolunda-calismalar-suruyor-mirkuzey-04-03-2013.html"},"modified":"2018-09-17T13:48:58","modified_gmt":"2018-09-17T10:48:58","slug":"les-travaux-de-la-ceinture-peripherique-sont-en-cours-mirkuzey-04-03-2013","status":"publish","type":"post","link":"https:\/\/www.nurolinsaat.com.tr\/fr\/les-travaux-de-la-ceinture-peripherique-sont-en-cours-mirkuzey-04-03-2013.html","title":{"rendered":"Les travaux de la ceinture p\u00e9riph\u00e9rique sont en cours | Mirkuzey \/ 04.03.2013"},"content":{"rendered":"<p>Inspectant le chantier de la Ceinture P\u00e9riph\u00e9rique d\u2019Ordu, le d\u00e9put\u00e9 d\u2019Ordu du Parti de la Justice et du D\u00e9veloppement M. Fatih Han \u00dcnal a pr\u00e9cis\u00e9 que :<br \/>\n\u00abLa ceinture p\u00e9riph\u00e9rique va apporter beaucoup \u00e0 Ordu.<br \/>\nNous \u00e9tions tr\u00e8s heureux de voir que le travail effectu\u00e9 dans le tunnel est bas\u00e9 sur un syst\u00e8me de 7 jours et 24 heures.<\/p>\n<p>Jusqu\u2019\u00e0 pr\u00e9sent on a p\u00e9n\u00e9tr\u00e9 900 m\u00e8tres dans le tunnel.<br \/>\n20% des travaux du tunnel sont achev\u00e9s.\u00bb<\/p>\n","protected":false},"excerpt":{"rendered":"<p>Inspectant le chantier de la Ceinture P\u00e9riph\u00e9rique d\u2019Ordu, le d\u00e9put\u00e9 d\u2019Ordu du Parti de la Justice et du D\u00e9veloppement M. Fatih Han \u00dcnal a pr\u00e9cis\u00e9 que : \u00abLa ceinture p\u00e9riph\u00e9rique va apporter beaucoup \u00e0 Ordu. Nous \u00e9tions tr\u00e8s heureux de voir que le travail effectu\u00e9 dans le tunnel est bas\u00e9 sur un syst\u00e8me de 7<\/p>\n","protected":false},"author":1,"featured_media":0,"comment_status":"closed","ping_status":"closed","sticky":false,"template":"","format":"standard","meta":{"rs_blank_template":"","rs_page_bg_color":"","slide_template_v7":"","footnotes":""},"categories":[61],"class_list":["post-6542","post","type-post","status-publish","format-standard","hentry","category-nouvelles-de-la-presse"],"_links":{"self":[{"href":"https:\/\/www.nurolinsaat.com.tr\/fr\/wp-json\/wp\/v2\/posts\/6542","targetHints":{"allow":["GET"]}}],"collection":[{"href":"https:\/\/www.nurolinsaat.com.tr\/fr\/wp-json\/wp\/v2\/posts"}],"about":[{"href":"https:\/\/www.nurolinsaat.com.tr\/fr\/wp-json\/wp\/v2\/types\/post"}],"author":[{"embeddable":true,"href":"https:\/\/www.nurolinsaat.com.tr\/fr\/wp-json\/wp\/v2\/users\/1"}],"replies":[{"embeddable":true,"href":"https:\/\/www.nurolinsaat.com.tr\/fr\/wp-json\/wp\/v2\/comments?post=6542"}],"version-history":[{"count":0,"href":"https:\/\/www.nurolinsaat.com.tr\/fr\/wp-json\/wp\/v2\/posts\/6542\/revisions"}],"wp:attachment":[{"href":"https:\/\/www.nurolinsaat.com.tr\/fr\/wp-json\/wp\/v2\/media?parent=6542"}],"wp:term":[{"taxonomy":"category","embeddable":true,"href":"https:\/\/www.nurolinsaat.com.tr\/fr\/wp-json\/wp\/v2\/categories?post=6542"}],"curies":[{"name":"wp","href":"https:\/\/api.w.org\/{rel}","templated":true}]}}